{"id":372,"date":"2014-03-30T21:51:06","date_gmt":"2014-03-30T19:51:06","guid":{"rendered":"http:\/\/www.sg1560altmannstein.de\/?p=372"},"modified":"2014-04-01T21:46:58","modified_gmt":"2014-04-01T19:46:58","slug":"jahreshauptversammlung-koenigs-und-vereinsmeisterproklamation","status":"publish","type":"post","link":"http:\/\/www.sg1560altmannstein.de\/?p=372","title":{"rendered":"Jahreshauptversammlung, K\u00f6nigs- und Vereinsmeisterproklamation 2014"},"content":{"rendered":"<p><img loading=\"lazy\" decoding=\"async\" class=\"wp-image-374 alignright\" alt=\"spl_2014\" src=\"http:\/\/www.sg1560altmannstein.de\/wp-content\/uploads\/2014\/03\/spl_2014-200x300.jpeg\" width=\"140\" height=\"210\" srcset=\"http:\/\/www.sg1560altmannstein.de\/wp-content\/uploads\/2014\/03\/spl_2014-200x300.jpeg 200w, http:\/\/www.sg1560altmannstein.de\/wp-content\/uploads\/2014\/03\/spl_2014-682x1024.jpeg 682w\" sizes=\"auto, (max-width: 140px) 100vw, 140px\" \/><br \/>\nBei unserer heutigen Jahreshauptversammlung konnte unser Sch\u00fctzenmeister Anton Osterrieder \u00fcber 40 Mitglieder begr\u00fc\u00dfen. Neben dem Protokoll des Vorjahres &#8211; verlesen durch Schriftf\u00fchrer Stefan M\u00e4rsch konnte vor allem unser\u00a0Sportleiter Georg Hengl viele sportliche H\u00f6hepunkte des abgelaufenen Vereinsjahres Revue passieren lassen.<\/p>\n<p>Bei den Neuwahlen konnte der Wahlleiter &#8211; unser 1. B\u00fcrgermeister Norbert Hummel &#8211; ohne Schwierigkeiten die Vereinsf\u00fchrung f\u00fcr die n\u00e4chsten 4 Jahre festlegen. Die neue Vorstandschaft ist die alte &#8211; alle bleiben im Amt &#8211; einzig bei der Jugendleitung ergab sich eine Ver\u00e4nderung &#8211; neuer 1. Jugendleiter ist jetzt Norbert Fischer.<\/p>\n<p>Zum Abschluss gab es noch die K\u00f6nigs- und die Vereinsmeisterproklamation\u00a0&#8211; unsere neuen W\u00fcrdentr\u00e4ger auf den nachfolgenden Bildern:<br \/>\n<a href=\"http:\/\/www.sg1560altmannstein.de\/wp-content\/uploads\/2014\/03\/SGK_2014.jpg\"><img loading=\"lazy\" decoding=\"async\" class=\"aligncenter size-large wp-image-377\" alt=\"SGK_2014\" src=\"http:\/\/www.sg1560altmannstein.de\/wp-content\/uploads\/2014\/03\/SGK_2014-1024x682.jpg\" width=\"640\" height=\"426\" srcset=\"http:\/\/www.sg1560altmannstein.de\/wp-content\/uploads\/2014\/03\/SGK_2014-1024x682.jpg 1024w, http:\/\/www.sg1560altmannstein.de\/wp-content\/uploads\/2014\/03\/SGK_2014-300x200.jpg 300w\" sizes=\"auto, (max-width: 640px) 100vw, 640px\" \/><\/a><a href=\"http:\/\/www.sg1560altmannstein.de\/wp-content\/uploads\/2014\/03\/vm_2014.jpg\"><img loading=\"lazy\" decoding=\"async\" class=\"aligncenter size-large wp-image-379\" alt=\"vm_2014\" src=\"http:\/\/www.sg1560altmannstein.de\/wp-content\/uploads\/2014\/03\/vm_2014-1024x682.jpg\" width=\"640\" height=\"426\" srcset=\"http:\/\/www.sg1560altmannstein.de\/wp-content\/uploads\/2014\/03\/vm_2014-1024x682.jpg 1024w, http:\/\/www.sg1560altmannstein.de\/wp-content\/uploads\/2014\/03\/vm_2014-300x200.jpg 300w\" sizes=\"auto, (max-width: 640px) 100vw, 640px\" \/><\/a>Abschliessend noch ein Bild der gesamten neuen Vorstandschaft mit Beisitzern und Jugendsprecherin &#8211; zusammen mit 1. B\u00fcrgermeister Norbert Hummel<\/p>\n<p><a href=\"http:\/\/www.sg1560altmannstein.de\/wp-content\/uploads\/2014\/03\/IMG_1850Klein.jpg\"><img loading=\"lazy\" decoding=\"async\" class=\"aligncenter size-large wp-image-383\" alt=\"IMG_1850Klein\" src=\"http:\/\/www.sg1560altmannstein.de\/wp-content\/uploads\/2014\/03\/IMG_1850Klein-1024x576.jpg\" width=\"640\" height=\"360\" srcset=\"http:\/\/www.sg1560altmannstein.de\/wp-content\/uploads\/2014\/03\/IMG_1850Klein-1024x576.jpg 1024w, http:\/\/www.sg1560altmannstein.de\/wp-content\/uploads\/2014\/03\/IMG_1850Klein-300x168.jpg 300w, http:\/\/www.sg1560altmannstein.de\/wp-content\/uploads\/2014\/03\/IMG_1850Klein.jpg 1200w\" sizes=\"auto, (max-width: 640px) 100vw, 640px\" \/><\/a><\/p>\n","protected":false},"excerpt":{"rendered":"<p>Bei unserer heutigen Jahreshauptversammlung konnte unser Sch\u00fctzenmeister Anton Osterrieder \u00fcber 40 Mitglieder begr\u00fc\u00dfen. Neben dem Protokoll des Vorjahres &#8211; verlesen durch Schriftf\u00fchrer Stefan M\u00e4rsch konnte vor allem unser\u00a0Sportleiter Georg Hengl viele sportliche H\u00f6hepunkte des abgelaufenen Vereinsjahres Revue passieren lassen. Bei &hellip; <a href=\"http:\/\/www.sg1560altmannstein.de\/?p=372\">Weiterlesen <span class=\"meta-nav\">&rarr;<\/span><\/a><\/p>\n","protected":false},"author":1,"featured_media":0,"comment_status":"open","ping_status":"open","sticky":false,"template":"","format":"standard","meta":{"footnotes":""},"categories":[1,4,7],"tags":[],"class_list":["post-372","post","type-post","status-publish","format-standard","hentry","category-allgemein","category-sportliches","category-verein"],"_links":{"self":[{"href":"http:\/\/www.sg1560altmannstein.de\/index.php?rest_route=\/wp\/v2\/posts\/372","targetHints":{"allow":["GET"]}}],"collection":[{"href":"http:\/\/www.sg1560altmannstein.de\/index.php?rest_route=\/wp\/v2\/posts"}],"about":[{"href":"http:\/\/www.sg1560altmannstein.de\/index.php?rest_route=\/wp\/v2\/types\/post"}],"author":[{"embeddable":true,"href":"http:\/\/www.sg1560altmannstein.de\/index.php?rest_route=\/wp\/v2\/users\/1"}],"replies":[{"embeddable":true,"href":"http:\/\/www.sg1560altmannstein.de\/index.php?rest_route=%2Fwp%2Fv2%2Fcomments&post=372"}],"version-history":[{"count":8,"href":"http:\/\/www.sg1560altmannstein.de\/index.php?rest_route=\/wp\/v2\/posts\/372\/revisions"}],"predecessor-version":[{"id":384,"href":"http:\/\/www.sg1560altmannstein.de\/index.php?rest_route=\/wp\/v2\/posts\/372\/revisions\/384"}],"wp:attachment":[{"href":"http:\/\/www.sg1560altmannstein.de\/index.php?rest_route=%2Fwp%2Fv2%2Fmedia&parent=372"}],"wp:term":[{"taxonomy":"category","embeddable":true,"href":"http:\/\/www.sg1560altmannstein.de\/index.php?rest_route=%2Fwp%2Fv2%2Fcategories&post=372"},{"taxonomy":"post_tag","embeddable":true,"href":"http:\/\/www.sg1560altmannstein.de\/index.php?rest_route=%2Fwp%2Fv2%2Ftags&post=372"}],"curies":[{"name":"wp","href":"https:\/\/api.w.org\/{rel}","templated":true}]}}